{"id":88,"date":"2023-03-24T13:50:52","date_gmt":"2023-03-24T13:50:52","guid":{"rendered":"https:\/\/lapeste.fr\/?p=88"},"modified":"2023-04-23T12:21:07","modified_gmt":"2023-04-23T12:21:07","slug":"formation-porteurs-et-porteuses-de-parole","status":"publish","type":"post","link":"https:\/\/lapeste.fr\/?p=88","title":{"rendered":"Formation porteurs et porteuses de parole"},"content":{"rendered":"<p>[et_pb_section fb_built=\u00a0\u00bb1&Prime; _builder_version=\u00a0\u00bb4.18.0&Prime; _module_preset=\u00a0\u00bbdefault\u00a0\u00bb global_colors_info=\u00a0\u00bb{}\u00a0\u00bb theme_builder_area=\u00a0\u00bbpost_content\u00a0\u00bb][et_pb_row _builder_version=\u00a0\u00bb4.18.0&Prime; _module_preset=\u00a0\u00bbdefault\u00a0\u00bb custom_margin=\u00a0\u00bb0px||||false|false\u00a0\u00bb custom_padding=\u00a0\u00bb0px||||false|false\u00a0\u00bb global_colors_info=\u00a0\u00bb{}\u00a0\u00bb theme_builder_area=\u00a0\u00bbpost_content\u00a0\u00bb][et_pb_column type=\u00a0\u00bb4_4&Prime; _builder_version=\u00a0\u00bb4.18.0&Prime; _module_preset=\u00a0\u00bbdefault\u00a0\u00bb global_colors_info=\u00a0\u00bb{}\u00a0\u00bb theme_builder_area=\u00a0\u00bbpost_content\u00a0\u00bb][et_pb_text _builder_version=\u00a0\u00bb4.18.0&Prime; _module_preset=\u00a0\u00bbdefault\u00a0\u00bb global_colors_info=\u00a0\u00bb{}\u00a0\u00bb theme_builder_area=\u00a0\u00bbpost_content\u00a0\u00bb]<\/p>\n<h1>Une formation pour r\u00e9colter la parole des parents<\/h1>\n<p>L&rsquo;APEStE est en train de construire une formation \u00e0 destination des d\u00e9l\u00e9gu\u00e9.es de parents d&rsquo;\u00e9l\u00e8ves pour r\u00e9colter la parole des parents devant les \u00e9coles.<\/p>\n<p>&nbsp;<\/p>\n<p>C&rsquo;est parfois une tache difficile pour les d\u00e9l\u00e9gu\u00e9.es : comment s&rsquo;assurer qu&rsquo;en conseil d&rsquo;\u00e9cole les parents soient entendu.es?<\/p>\n<p>C&rsquo;est parfois \u00e9galement difficile pour des parents qui veulent mener une action dans l&rsquo;\u00e9cole : comment s&rsquo;assurer que cette action correspond bien aux besoins des autres parents de l&rsquo;\u00e9cole?<\/p>\n<p>Le porteur de parole est un outil de d\u00e9bat public et de r\u00e9colte de la parole. C&rsquo;est un dispositif qui peut s&rsquo;installer devant l&rsquo;\u00e9cole des enfants pour poser une question aux parents, provoquer la discussion sur cette question, noter les r\u00e9ponses et les questionnements suscit\u00e9s et provoquer le d\u00e9bat.<\/p>\n<p>C&rsquo;est ainsi un outil id\u00e9al pour r\u00e9colter la parole d&rsquo;un maximum de monde mais aussi pour susciter la discussion sur un sujet en donc \u00e9ventuellement \u00e9largir un collectif de parents qui se construit sur un probl\u00e8me ou un questionnement.<\/p>\n<p>&nbsp;<\/p>\n<p>Cette formation s&rsquo;organisera sur un week-end en fin d&rsquo;ann\u00e9e scolaire&#8230; D&rsquo;autres infos vont suivre, mais si vous \u00eates int\u00e9ress\u00e9s vous pouvez d&rsquo;ores et d\u00e9j\u00e0 le faire savoir!<\/p>\n<p>[\/et_pb_text][et_pb_contact_form captcha=\u00a0\u00bboff\u00a0\u00bb email=\u00a0\u00bblapeste.association@gmail.com\u00a0\u00bb title=\u00a0\u00bbPr\u00e9-inscription\u00a0\u00bb custom_message=\u00a0\u00bbUne personne s&rsquo;est pr\u00e9-inscrite \u00e0 la formation porteurs et porteuses de parole :||et_pb_line_break_holder||%%Nom%% son mail : %%Email%%.||et_pb_line_break_holder||Un commentaire? %%Message%%\u00a0\u00bb submit_button_text=\u00a0\u00bbSe pr\u00e9inscrire\u00a0\u00bb _builder_version=\u00a0\u00bb4.20.2&Prime; _module_preset=\u00a0\u00bbdefault\u00a0\u00bb _unique_id=\u00a0\u00bb14e38082-94ae-4c08-939b-28ce51d2a0a2&Prime; form_field_background_color=\u00a0\u00bb#f49adf\u00a0\u00bb form_field_text_color=\u00a0\u00bb#FFFFFF\u00a0\u00bb title_font=\u00a0\u00bb|||||on|||\u00a0\u00bb title_letter_spacing=\u00a0\u00bb3px\u00a0\u00bb captcha_font=\u00a0\u00bb||on||||||\u00a0\u00bb captcha_text_color=\u00a0\u00bb#FFFFFF\u00a0\u00bb custom_button=\u00a0\u00bbon\u00a0\u00bb button_text_size=\u00a0\u00bb18px\u00a0\u00bb button_text_color=\u00a0\u00bb#8300E9&Prime; button_border_radius=\u00a0\u00bb21px\u00a0\u00bb button_font=\u00a0\u00bb|300|||||||\u00a0\u00bb button_icon=\u00a0\u00bb&#x24;||divi||400&Prime; button_icon_color=\u00a0\u00bb#8300E9&Prime; button_icon_placement=\u00a0\u00bbleft\u00a0\u00bb button_on_hover=\u00a0\u00bboff\u00a0\u00bb hover_enabled=\u00a0\u00bb0&Prime; title_text_shadow_style=\u00a0\u00bbpreset2&Prime; form_field_text_shadow_style=\u00a0\u00bbpreset1&Prime; box_shadow_style_button=\u00a0\u00bbpreset3&Prime; box_shadow_color_button=\u00a0\u00bb#C88BDA\u00a0\u00bb global_colors_info=\u00a0\u00bb{}\u00a0\u00bb theme_builder_area=\u00a0\u00bbpost_content\u00a0\u00bb sticky_enabled=\u00a0\u00bb0&Prime;][et_pb_contact_field field_id=\u00a0\u00bbNom\u00a0\u00bb field_title=\u00a0\u00bbNom et pr\u00e9nom\u00a0\u00bb _builder_version=\u00a0\u00bb4.18.0&Prime; global_colors_info=\u00a0\u00bb{}\u00a0\u00bb button_text_size__hover_enabled=\u00a0\u00bboff\u00a0\u00bb button_one_text_size__hover_enabled=\u00a0\u00bboff\u00a0\u00bb button_two_text_size__hover_enabled=\u00a0\u00bboff\u00a0\u00bb button_text_color__hover_enabled=\u00a0\u00bboff\u00a0\u00bb button_one_text_color__hover_enabled=\u00a0\u00bboff\u00a0\u00bb button_two_text_color__hover_enabled=\u00a0\u00bboff\u00a0\u00bb button_border_width__hover_enabled=\u00a0\u00bboff\u00a0\u00bb button_one_border_width__hover_enabled=\u00a0\u00bboff\u00a0\u00bb button_two_border_width__hover_enabled=\u00a0\u00bboff\u00a0\u00bb button_border_color__hover_enabled=\u00a0\u00bboff\u00a0\u00bb button_one_border_color__hover_enabled=\u00a0\u00bboff\u00a0\u00bb button_two_border_color__hover_enabled=\u00a0\u00bboff\u00a0\u00bb button_border_radius__hover_enabled=\u00a0\u00bboff\u00a0\u00bb button_one_border_radius__hover_enabled=\u00a0\u00bboff\u00a0\u00bb button_two_border_radius__hover_enabled=\u00a0\u00bboff\u00a0\u00bb button_letter_spacing__hover_enabled=\u00a0\u00bboff\u00a0\u00bb button_one_letter_spacing__hover_enabled=\u00a0\u00bboff\u00a0\u00bb button_two_letter_spacing__hover_enabled=\u00a0\u00bboff\u00a0\u00bb button_bg_color__hover_enabled=\u00a0\u00bboff\u00a0\u00bb button_one_bg_color__hover_enabled=\u00a0\u00bboff\u00a0\u00bb button_two_bg_color__hover_enabled=\u00a0\u00bboff\u00a0\u00bb theme_builder_area=\u00a0\u00bbpost_content\u00a0\u00bb][\/et_pb_contact_field][et_pb_contact_field field_id=\u00a0\u00bbEmail\u00a0\u00bb field_title=\u00a0\u00bbAdresse mail\u00a0\u00bb field_type=\u00a0\u00bbemail\u00a0\u00bb _builder_version=\u00a0\u00bb4.20.2&Prime; hover_enabled=\u00a0\u00bb0&Prime; global_colors_info=\u00a0\u00bb{}\u00a0\u00bb button_text_size__hover_enabled=\u00a0\u00bboff\u00a0\u00bb button_one_text_size__hover_enabled=\u00a0\u00bboff\u00a0\u00bb button_two_text_size__hover_enabled=\u00a0\u00bboff\u00a0\u00bb button_text_color__hover_enabled=\u00a0\u00bboff\u00a0\u00bb button_one_text_color__hover_enabled=\u00a0\u00bboff\u00a0\u00bb button_two_text_color__hover_enabled=\u00a0\u00bboff\u00a0\u00bb button_border_width__hover_enabled=\u00a0\u00bboff\u00a0\u00bb button_one_border_width__hover_enabled=\u00a0\u00bboff\u00a0\u00bb button_two_border_width__hover_enabled=\u00a0\u00bboff\u00a0\u00bb button_border_color__hover_enabled=\u00a0\u00bboff\u00a0\u00bb button_one_border_color__hover_enabled=\u00a0\u00bboff\u00a0\u00bb button_two_border_color__hover_enabled=\u00a0\u00bboff\u00a0\u00bb button_border_radius__hover_enabled=\u00a0\u00bboff\u00a0\u00bb button_one_border_radius__hover_enabled=\u00a0\u00bboff\u00a0\u00bb button_two_border_radius__hover_enabled=\u00a0\u00bboff\u00a0\u00bb button_letter_spacing__hover_enabled=\u00a0\u00bboff\u00a0\u00bb button_one_letter_spacing__hover_enabled=\u00a0\u00bboff\u00a0\u00bb button_two_letter_spacing__hover_enabled=\u00a0\u00bboff\u00a0\u00bb button_bg_color__hover_enabled=\u00a0\u00bboff\u00a0\u00bb button_one_bg_color__hover_enabled=\u00a0\u00bboff\u00a0\u00bb button_two_bg_color__hover_enabled=\u00a0\u00bboff\u00a0\u00bb theme_builder_area=\u00a0\u00bbpost_content\u00a0\u00bb sticky_enabled=\u00a0\u00bb0&Prime;][\/et_pb_contact_field][et_pb_contact_field field_id=\u00a0\u00bbMessage\u00a0\u00bb field_title=\u00a0\u00bbRemarque\u00a0\u00bb field_type=\u00a0\u00bbtext\u00a0\u00bb required_mark=\u00a0\u00bboff\u00a0\u00bb fullwidth_field=\u00a0\u00bbon\u00a0\u00bb _builder_version=\u00a0\u00bb4.18.0&Prime; hover_enabled=\u00a0\u00bb0&Prime; global_colors_info=\u00a0\u00bb{}\u00a0\u00bb button_text_size__hover_enabled=\u00a0\u00bboff\u00a0\u00bb button_one_text_size__hover_enabled=\u00a0\u00bboff\u00a0\u00bb button_two_text_size__hover_enabled=\u00a0\u00bboff\u00a0\u00bb button_text_color__hover_enabled=\u00a0\u00bboff\u00a0\u00bb button_one_text_color__hover_enabled=\u00a0\u00bboff\u00a0\u00bb button_two_text_color__hover_enabled=\u00a0\u00bboff\u00a0\u00bb button_border_width__hover_enabled=\u00a0\u00bboff\u00a0\u00bb button_one_border_width__hover_enabled=\u00a0\u00bboff\u00a0\u00bb button_two_border_width__hover_enabled=\u00a0\u00bboff\u00a0\u00bb button_border_color__hover_enabled=\u00a0\u00bboff\u00a0\u00bb button_one_border_color__hover_enabled=\u00a0\u00bboff\u00a0\u00bb button_two_border_color__hover_enabled=\u00a0\u00bboff\u00a0\u00bb button_border_radius__hover_enabled=\u00a0\u00bboff\u00a0\u00bb button_one_border_radius__hover_enabled=\u00a0\u00bboff\u00a0\u00bb button_two_border_radius__hover_enabled=\u00a0\u00bboff\u00a0\u00bb button_letter_spacing__hover_enabled=\u00a0\u00bboff\u00a0\u00bb button_one_letter_spacing__hover_enabled=\u00a0\u00bboff\u00a0\u00bb button_two_letter_spacing__hover_enabled=\u00a0\u00bboff\u00a0\u00bb button_bg_color__hover_enabled=\u00a0\u00bboff\u00a0\u00bb button_one_bg_color__hover_enabled=\u00a0\u00bboff\u00a0\u00bb button_two_bg_color__hover_enabled=\u00a0\u00bboff\u00a0\u00bb theme_builder_area=\u00a0\u00bbpost_content\u00a0\u00bb sticky_enabled=\u00a0\u00bb0&Prime;][\/et_pb_contact_field][\/et_pb_contact_form][\/et_pb_column][\/et_pb_row][\/et_pb_section]<\/p>\n","protected":false},"excerpt":{"rendered":"<p>Une formation pour r\u00e9colter la parole des parents d&rsquo;\u00e9l\u00e8ves de fa\u00e7on dynamique.<br \/>\nId\u00e9al \u00e0 mette en place \u00e0 la sortie de l&rsquo;\u00e9cole pour susciter le d\u00e9bat!<\/p>\n","protected":false},"author":1,"featured_media":91,"comment_status":"open","ping_status":"open","sticky":false,"template":"","format":"standard","meta":{"_et_pb_use_builder":"on","_et_pb_old_content":"","_et_gb_content_width":"","om_disable_all_campaigns":false,"_monsterinsights_skip_tracking":false,"_monsterinsights_sitenote_active":false,"_monsterinsights_sitenote_note":"","_monsterinsights_sitenote_category":0,"footnotes":""},"categories":[11],"tags":[8,7],"aioseo_notices":[],"yoast_head":"<!-- This site is optimized with the Yoast SEO plugin v22.3 - https:\/\/yoast.com\/wordpress\/plugins\/seo\/ -->\n<title>Formation porteurs et porteuses de parole - LAPEStE<\/title>\n<meta name=\"robots\" content=\"index, follow, max-snippet:-1, max-image-preview:large, max-video-preview:-1\" \/>\n<link rel=\"canonical\" href=\"https:\/\/lapeste.fr\/?p=88\" \/>\n<meta property=\"og:locale\" content=\"fr_FR\" \/>\n<meta property=\"og:type\" content=\"article\" \/>\n<meta property=\"og:title\" content=\"Formation porteurs et porteuses de parole - LAPEStE\" \/>\n<meta property=\"og:description\" content=\"Une formation pour r\u00e9colter la parole des parents d&#039;\u00e9l\u00e8ves de fa\u00e7on dynamique. Id\u00e9al \u00e0 mette en place \u00e0 la sortie de l&#039;\u00e9cole pour susciter le d\u00e9bat!\" \/>\n<meta property=\"og:url\" content=\"https:\/\/lapeste.fr\/?p=88\" \/>\n<meta property=\"og:site_name\" content=\"LAPEStE\" \/>\n<meta property=\"article:published_time\" content=\"2023-03-24T13:50:52+00:00\" \/>\n<meta property=\"article:modified_time\" content=\"2023-04-23T12:21:07+00:00\" \/>\n<meta property=\"og:image\" content=\"http:\/\/lapeste.fr\/wp-content\/uploads\/2023\/03\/porteur-de-parole-scaled.jpeg\" \/>\n\t<meta property=\"og:image:width\" content=\"2560\" \/>\n\t<meta property=\"og:image:height\" content=\"1714\" \/>\n\t<meta property=\"og:image:type\" content=\"image\/jpeg\" \/>\n<meta name=\"author\" content=\"LAPEStE\" \/>\n<meta name=\"twitter:card\" content=\"summary_large_image\" \/>\n<meta name=\"twitter:label1\" content=\"\u00c9crit par\" \/>\n\t<meta name=\"twitter:data1\" content=\"LAPEStE\" \/>\n<script type=\"application\/ld+json\" class=\"yoast-schema-graph\">{\"@context\":\"https:\/\/schema.org\",\"@graph\":[{\"@type\":\"WebPage\",\"@id\":\"https:\/\/lapeste.fr\/?p=88\",\"url\":\"https:\/\/lapeste.fr\/?p=88\",\"name\":\"Formation porteurs et porteuses de parole - LAPEStE\",\"isPartOf\":{\"@id\":\"https:\/\/lapeste.fr\/#website\"},\"primaryImageOfPage\":{\"@id\":\"https:\/\/lapeste.fr\/?p=88#primaryimage\"},\"image\":{\"@id\":\"https:\/\/lapeste.fr\/?p=88#primaryimage\"},\"thumbnailUrl\":\"https:\/\/lapeste.fr\/wp-content\/uploads\/2023\/03\/porteur-de-parole-scaled.jpeg\",\"datePublished\":\"2023-03-24T13:50:52+00:00\",\"dateModified\":\"2023-04-23T12:21:07+00:00\",\"author\":{\"@id\":\"https:\/\/lapeste.fr\/#\/schema\/person\/d502d13c5adc136f1f3ad7ed329c71b5\"},\"breadcrumb\":{\"@id\":\"https:\/\/lapeste.fr\/?p=88#breadcrumb\"},\"inLanguage\":\"fr-FR\",\"potentialAction\":[{\"@type\":\"ReadAction\",\"target\":[\"https:\/\/lapeste.fr\/?p=88\"]}]},{\"@type\":\"ImageObject\",\"inLanguage\":\"fr-FR\",\"@id\":\"https:\/\/lapeste.fr\/?p=88#primaryimage\",\"url\":\"https:\/\/lapeste.fr\/wp-content\/uploads\/2023\/03\/porteur-de-parole-scaled.jpeg\",\"contentUrl\":\"https:\/\/lapeste.fr\/wp-content\/uploads\/2023\/03\/porteur-de-parole-scaled.jpeg\",\"width\":2560,\"height\":1714,\"caption\":\"Formation porteur de parole\"},{\"@type\":\"BreadcrumbList\",\"@id\":\"https:\/\/lapeste.fr\/?p=88#breadcrumb\",\"itemListElement\":[{\"@type\":\"ListItem\",\"position\":1,\"name\":\"Home\",\"item\":\"https:\/\/lapeste.fr\/\"},{\"@type\":\"ListItem\",\"position\":2,\"name\":\"Formation porteurs et porteuses de parole\"}]},{\"@type\":\"WebSite\",\"@id\":\"https:\/\/lapeste.fr\/#website\",\"url\":\"https:\/\/lapeste.fr\/\",\"name\":\"LAPEStE\",\"description\":\"Le site de l&#039;assocition des parents et des enfants de Strasbourg et de l&#039;Eurom\u00e9tropole\",\"potentialAction\":[{\"@type\":\"SearchAction\",\"target\":{\"@type\":\"EntryPoint\",\"urlTemplate\":\"https:\/\/lapeste.fr\/?s={search_term_string}\"},\"query-input\":\"required name=search_term_string\"}],\"inLanguage\":\"fr-FR\"},{\"@type\":\"Person\",\"@id\":\"https:\/\/lapeste.fr\/#\/schema\/person\/d502d13c5adc136f1f3ad7ed329c71b5\",\"name\":\"LAPEStE\",\"image\":{\"@type\":\"ImageObject\",\"inLanguage\":\"fr-FR\",\"@id\":\"https:\/\/lapeste.fr\/#\/schema\/person\/image\/\",\"url\":\"https:\/\/secure.gravatar.com\/avatar\/33fba04625af83335536dace9e97bde8?s=96&d=mm&r=g\",\"contentUrl\":\"https:\/\/secure.gravatar.com\/avatar\/33fba04625af83335536dace9e97bde8?s=96&d=mm&r=g\",\"caption\":\"LAPEStE\"},\"sameAs\":[\"http:\/\/lapeste.fr\"],\"url\":\"https:\/\/lapeste.fr\/?author=1\"}]}<\/script>\n<!-- \/ Yoast SEO plugin. -->","yoast_head_json":{"title":"Formation porteurs et porteuses de parole - LAPEStE","robots":{"index":"index","follow":"follow","max-snippet":"max-snippet:-1","max-image-preview":"max-image-preview:large","max-video-preview":"max-video-preview:-1"},"canonical":"https:\/\/lapeste.fr\/?p=88","og_locale":"fr_FR","og_type":"article","og_title":"Formation porteurs et porteuses de parole - LAPEStE","og_description":"Une formation pour r\u00e9colter la parole des parents d'\u00e9l\u00e8ves de fa\u00e7on dynamique. Id\u00e9al \u00e0 mette en place \u00e0 la sortie de l'\u00e9cole pour susciter le d\u00e9bat!","og_url":"https:\/\/lapeste.fr\/?p=88","og_site_name":"LAPEStE","article_published_time":"2023-03-24T13:50:52+00:00","article_modified_time":"2023-04-23T12:21:07+00:00","og_image":[{"width":2560,"height":1714,"url":"http:\/\/lapeste.fr\/wp-content\/uploads\/2023\/03\/porteur-de-parole-scaled.jpeg","type":"image\/jpeg"}],"author":"LAPEStE","twitter_card":"summary_large_image","twitter_misc":{"\u00c9crit par":"LAPEStE"},"schema":{"@context":"https:\/\/schema.org","@graph":[{"@type":"WebPage","@id":"https:\/\/lapeste.fr\/?p=88","url":"https:\/\/lapeste.fr\/?p=88","name":"Formation porteurs et porteuses de parole - LAPEStE","isPartOf":{"@id":"https:\/\/lapeste.fr\/#website"},"primaryImageOfPage":{"@id":"https:\/\/lapeste.fr\/?p=88#primaryimage"},"image":{"@id":"https:\/\/lapeste.fr\/?p=88#primaryimage"},"thumbnailUrl":"https:\/\/lapeste.fr\/wp-content\/uploads\/2023\/03\/porteur-de-parole-scaled.jpeg","datePublished":"2023-03-24T13:50:52+00:00","dateModified":"2023-04-23T12:21:07+00:00","author":{"@id":"https:\/\/lapeste.fr\/#\/schema\/person\/d502d13c5adc136f1f3ad7ed329c71b5"},"breadcrumb":{"@id":"https:\/\/lapeste.fr\/?p=88#breadcrumb"},"inLanguage":"fr-FR","potentialAction":[{"@type":"ReadAction","target":["https:\/\/lapeste.fr\/?p=88"]}]},{"@type":"ImageObject","inLanguage":"fr-FR","@id":"https:\/\/lapeste.fr\/?p=88#primaryimage","url":"https:\/\/lapeste.fr\/wp-content\/uploads\/2023\/03\/porteur-de-parole-scaled.jpeg","contentUrl":"https:\/\/lapeste.fr\/wp-content\/uploads\/2023\/03\/porteur-de-parole-scaled.jpeg","width":2560,"height":1714,"caption":"Formation porteur de parole"},{"@type":"BreadcrumbList","@id":"https:\/\/lapeste.fr\/?p=88#breadcrumb","itemListElement":[{"@type":"ListItem","position":1,"name":"Home","item":"https:\/\/lapeste.fr\/"},{"@type":"ListItem","position":2,"name":"Formation porteurs et porteuses de parole"}]},{"@type":"WebSite","@id":"https:\/\/lapeste.fr\/#website","url":"https:\/\/lapeste.fr\/","name":"LAPEStE","description":"Le site de l&#039;assocition des parents et des enfants de Strasbourg et de l&#039;Eurom\u00e9tropole","potentialAction":[{"@type":"SearchAction","target":{"@type":"EntryPoint","urlTemplate":"https:\/\/lapeste.fr\/?s={search_term_string}"},"query-input":"required name=search_term_string"}],"inLanguage":"fr-FR"},{"@type":"Person","@id":"https:\/\/lapeste.fr\/#\/schema\/person\/d502d13c5adc136f1f3ad7ed329c71b5","name":"LAPEStE","image":{"@type":"ImageObject","inLanguage":"fr-FR","@id":"https:\/\/lapeste.fr\/#\/schema\/person\/image\/","url":"https:\/\/secure.gravatar.com\/avatar\/33fba04625af83335536dace9e97bde8?s=96&d=mm&r=g","contentUrl":"https:\/\/secure.gravatar.com\/avatar\/33fba04625af83335536dace9e97bde8?s=96&d=mm&r=g","caption":"LAPEStE"},"sameAs":["http:\/\/lapeste.fr"],"url":"https:\/\/lapeste.fr\/?author=1"}]}},"_links":{"self":[{"href":"https:\/\/lapeste.fr\/index.php?rest_route=\/wp\/v2\/posts\/88"}],"collection":[{"href":"https:\/\/lapeste.fr\/index.php?rest_route=\/wp\/v2\/posts"}],"about":[{"href":"https:\/\/lapeste.fr\/index.php?rest_route=\/wp\/v2\/types\/post"}],"author":[{"embeddable":true,"href":"https:\/\/lapeste.fr\/index.php?rest_route=\/wp\/v2\/users\/1"}],"replies":[{"embeddable":true,"href":"https:\/\/lapeste.fr\/index.php?rest_route=%2Fwp%2Fv2%2Fcomments&post=88"}],"version-history":[{"count":6,"href":"https:\/\/lapeste.fr\/index.php?rest_route=\/wp\/v2\/posts\/88\/revisions"}],"predecessor-version":[{"id":200,"href":"https:\/\/lapeste.fr\/index.php?rest_route=\/wp\/v2\/posts\/88\/revisions\/200"}],"wp:featuredmedia":[{"embeddable":true,"href":"https:\/\/lapeste.fr\/index.php?rest_route=\/wp\/v2\/media\/91"}],"wp:attachment":[{"href":"https:\/\/lapeste.fr\/index.php?rest_route=%2Fwp%2Fv2%2Fmedia&parent=88"}],"wp:term":[{"taxonomy":"category","embeddable":true,"href":"https:\/\/lapeste.fr\/index.php?rest_route=%2Fwp%2Fv2%2Fcategories&post=88"},{"taxonomy":"post_tag","embeddable":true,"href":"https:\/\/lapeste.fr\/index.php?rest_route=%2Fwp%2Fv2%2Ftags&post=88"}],"curies":[{"name":"wp","href":"https:\/\/api.w.org\/{rel}","templated":true}]}}