{"id":204,"date":"2023-04-29T19:07:51","date_gmt":"2023-04-29T19:07:51","guid":{"rendered":"https:\/\/lapeste.fr\/?p=204"},"modified":"2023-04-29T19:07:51","modified_gmt":"2023-04-29T19:07:51","slug":"creer-une-association-de-parents-deleves","status":"publish","type":"post","link":"https:\/\/lapeste.fr\/?p=204","title":{"rendered":"Cr\u00e9er une association de parents d&rsquo;\u00e9l\u00e8ves"},"content":{"rendered":"<p>[et_pb_section fb_built=\u00a0\u00bb1&Prime; theme_builder_area=\u00a0\u00bbpost_content\u00a0\u00bb _builder_version=\u00a0\u00bb4.20.2&Prime; _module_preset=\u00a0\u00bbdefault\u00a0\u00bb][et_pb_row _builder_version=\u00a0\u00bb4.20.2&Prime; _module_preset=\u00a0\u00bbdefault\u00a0\u00bb theme_builder_area=\u00a0\u00bbpost_content\u00a0\u00bb][et_pb_column _builder_version=\u00a0\u00bb4.20.2&Prime; _module_preset=\u00a0\u00bbdefault\u00a0\u00bb type=\u00a0\u00bb4_4&Prime; theme_builder_area=\u00a0\u00bbpost_content\u00a0\u00bb][et_pb_text _builder_version=\u00a0\u00bb4.20.2&Prime; _module_preset=\u00a0\u00bbdefault\u00a0\u00bb theme_builder_area=\u00a0\u00bbpost_content\u00a0\u00bb hover_enabled=\u00a0\u00bb0&Prime; sticky_enabled=\u00a0\u00bb0&Prime;]<\/p>\n<h1 style=\"text-align: center;\">Pourquoi cr\u00e9er une association de parents \u00e0 l&rsquo;\u00e9cole?<\/h1>\n<p>Attention, une association de parents d&rsquo;\u00e9l\u00e8ves demande un peu de temps et de travail administratif, si vous \u00eates moins de 7 personnes bien investies dans l&rsquo;\u00e9coleil vaut mieux commencer par former un petit groupe de parents actifs et actives&#8230; En attendant vous pouvez demander le support de L&rsquo;APEStE pour vos actions.<\/p>\n<p>Avoir une association va vous permettre de g\u00e9rer des fonds, d&rsquo;avoir une assurance pour r\u00e9server les locaux de l&rsquo;\u00e9cole et organiser des \u00e9v\u00e8nements.<\/p>\n<p>&nbsp;<\/p>\n<h1 style=\"text-align: center;\">Comment cr\u00e9er une association de parents?<\/h1>\n<h3>Premi\u00e8re \u00e9tape : r\u00e9unir au moins 7 personnes et un ordinateur<\/h3>\n<p>En Alsace Moselle il faut \u00eatre au moins 7 personnes pour cr\u00e9er une association.<\/p>\n<p>Vous allez devoir r\u00e9diger les statuts de l&rsquo;association. Il s&rsquo;agit des r\u00e8gles de fonctionnement de l&rsquo;association. Attention, si vous ne les respectez pas et qu&rsquo;une personne n&rsquo;est pas contente elle peut faire annuler les d\u00e9cisions de l&rsquo;association.<\/p>\n<p>&nbsp;<\/p>\n<p>Vous pouvez utiliser comme mod\u00e8le les statuts suivants :<\/p>\n<p><a href=\"http:\/\/lapeste.fr\/wp-content\/uploads\/2023\/04\/Statuts-Association-des-parents-et-des-eleves.odt\" rel=\"attachment wp-att-208\">Statuts Association des parents et des \u00e9l\u00e8ves<\/a><\/p>\n<p>Prenez des notes de la discussion, vous en aurez besoin pour r\u00e9diger le proc\u00e8s verbal de constitution de l&rsquo;association<\/p>\n<p>Vous pouvez utiliser ce document comme mod\u00e8le :<\/p>\n<p><a href=\"http:\/\/lapeste.fr\/wp-content\/uploads\/2023\/04\/Compte-rendu-de-lAG-du-XXXX-fondation-de-lassociation.odt\" rel=\"attachment wp-att-209\">Compte rendu de l&rsquo;AG du XXXX &#8211; fondation de l&rsquo;association<\/a><\/p>\n<p>Attention, les statuts doivent \u00eatre imprim\u00e9s en deux exemplaires, toutes les pages doivent \u00eatre paraph\u00e9es (les initiales au bas de la page) par au moins 7 personnes pr\u00e9sentes \u00e0 la r\u00e9union et sign\u00e9s par ces sept personnes.<\/p>\n<p>Le compte rendu doit \u00eatre sign\u00e9 par la pr\u00e9sidente et la secr\u00e9taire de l&rsquo;association.<\/p>\n<p>A ces deux document vous devez en plus faire un tableau d\u00e9taillant la composition du Conseil d&rsquo;Administration avec les noms, pr\u00e9noms, adresse, date et lieu de naissance, nationalit\u00e9 et fonction au conseil d&rsquo;administration.<\/p>\n<h3>Deuxi\u00e8me \u00e9tape : d\u00e9clarer la cr\u00e9ation<\/h3>\n<p>Vous devez d\u00e9clarer la cr\u00e9ation aupr\u00e8s du greffe du tribunal judiciaire dont d\u00e9pend votre association.<\/p>\n<p>Il est possible de le faire en ligne ici : <a href=\"https:\/\/associations.epelfi.fr\" target=\"_blank\" rel=\"noopener\">https:\/\/associations.epelfi.fr<\/a><\/p>\n<p>Vous pouvez aussi d\u00e9poser la demande directement au tribunal.<\/p>\n<p>Dans tous les cas vous aurez besoin de r\u00e9diger une demande d&rsquo;enregistement. Vous pouvez utiliser le document suivant :<\/p>\n<p><a href=\"http:\/\/lapeste.fr\/wp-content\/uploads\/2023\/04\/Demande-dinscription.odt\" rel=\"attachment wp-att-210\">Demande d&rsquo;inscription<\/a><\/p>\n<p>Il faut indiquer dans quel journal la cr\u00e9ation sera annonc\u00e9e (vous devez v\u00e9rifier avec le tribunal car chaque ann\u00e9e la liste peut changer et les tarifs aussi)<\/p>\n<h3>Troisi\u00e8me \u00e9tape : les formalit\u00e9s pour agir<\/h3>\n<p>Pour pouvoir organiser des \u00e9v\u00e8nements ou des actions, r\u00e9server des locaux ou autre, vous aurez besoin d&rsquo;une assurance.<\/p>\n<p>Vous serez probablement sollicit\u00e9 par des compagnies lors de la cr\u00e9ation. Certaines ont des tarifs tr\u00e8s int\u00e9ressants et pour la premi\u00e8re ann\u00e9e ou tant que vous n&rsquo;avez pas beaucoup d&rsquo;actions cela vaut la peine de faire au moins cher. Par la suite nous vous conseillons de faire appel \u00e0 une assurance sp\u00e9cialis\u00e9e dans le milieu associatif qui suara tr\u00e8s vite vous conseiller pour toutes vos actions.<\/p>\n<p>Vous aurez aussi besoin d&rsquo;ouvrir un compte en banque pour encaisser de l&rsquo;argent, des ch\u00e8ques, du liquide et aussi pour g\u00e9rer vos d\u00e9penses.<\/p>\n<p>Les banques en lignes ne sont pas id\u00e9ales pour g\u00e9rer du liquide et vous aurez r\u00e9guli\u00e8rement \u00e0 en g\u00e9rer avec les petites actions men\u00e9es \u00e0 l&rsquo;\u00e9cole.<\/p>\n<p>Comme pour l&rsquo;assurance, mieux vaut prendre une banque sp\u00e9cialiste des associations.<\/p>\n<p>Enfin, vous pouvez cr\u00e9er une boite mail pour l&rsquo;association, faire une demande de num\u00e9ro SIREN pour faciliter les d\u00e9marches administratives et cr\u00e9er un compte pro gratuitement sur canvas pour cr\u00e9er vos affiches et vos documents.<\/p>\n<h1 style=\"text-align: center;\">Si certaines questions n&rsquo;ont pas de r\u00e9ponses, contactez nous!<\/h1>\n<p>&nbsp;<\/p>\n<p>[\/et_pb_text][\/et_pb_column][\/et_pb_row][\/et_pb_section]<\/p>\n","protected":false},"excerpt":{"rendered":"<p>Pourquoi cr\u00e9er une association de parents \u00e0 l&rsquo;\u00e9cole? Attention, une association de parents d&rsquo;\u00e9l\u00e8ves demande un peu de temps et de travail administratif, si vous \u00eates moins de 7 personnes bien investies dans l&rsquo;\u00e9coleil vaut mieux commencer par former un petit groupe de parents actifs et actives&#8230; En attendant vous pouvez demander le support de [&hellip;]<\/p>\n","protected":false},"author":1,"featured_media":205,"comment_status":"open","ping_status":"open","sticky":false,"template":"","format":"standard","meta":{"_et_pb_use_builder":"on","_et_pb_old_content":"","_et_gb_content_width":"","om_disable_all_campaigns":false,"_monsterinsights_skip_tracking":false,"_monsterinsights_sitenote_active":false,"_monsterinsights_sitenote_note":"","_monsterinsights_sitenote_category":0,"footnotes":""},"categories":[13],"tags":[15,14],"aioseo_notices":[],"yoast_head":"<!-- This site is optimized with the Yoast SEO plugin v22.3 - https:\/\/yoast.com\/wordpress\/plugins\/seo\/ -->\n<title>Cr\u00e9er une association de parents d&#039;\u00e9l\u00e8ves - LAPEStE<\/title>\n<meta name=\"robots\" content=\"index, follow, max-snippet:-1, max-image-preview:large, max-video-preview:-1\" \/>\n<link rel=\"canonical\" href=\"https:\/\/lapeste.fr\/?p=204\" \/>\n<meta property=\"og:locale\" content=\"fr_FR\" \/>\n<meta property=\"og:type\" content=\"article\" \/>\n<meta property=\"og:title\" content=\"Cr\u00e9er une association de parents d&#039;\u00e9l\u00e8ves - LAPEStE\" \/>\n<meta property=\"og:description\" content=\"Pourquoi cr\u00e9er une association de parents \u00e0 l&#039;\u00e9cole? Attention, une association de parents d&#039;\u00e9l\u00e8ves demande un peu de temps et de travail administratif, si vous \u00eates moins de 7 personnes bien investies dans l&#039;\u00e9coleil vaut mieux commencer par former un petit groupe de parents actifs et actives... En attendant vous pouvez demander le support de [&hellip;]\" \/>\n<meta property=\"og:url\" content=\"https:\/\/lapeste.fr\/?p=204\" \/>\n<meta property=\"og:site_name\" content=\"LAPEStE\" \/>\n<meta property=\"article:published_time\" content=\"2023-04-29T19:07:51+00:00\" \/>\n<meta property=\"og:image\" content=\"http:\/\/lapeste.fr\/wp-content\/uploads\/2023\/04\/Creative.png\" \/>\n\t<meta property=\"og:image:width\" content=\"705\" \/>\n\t<meta property=\"og:image:height\" content=\"591\" \/>\n\t<meta property=\"og:image:type\" content=\"image\/png\" \/>\n<meta name=\"author\" content=\"LAPEStE\" \/>\n<meta name=\"twitter:card\" content=\"summary_large_image\" \/>\n<meta name=\"twitter:label1\" content=\"\u00c9crit par\" \/>\n\t<meta name=\"twitter:data1\" content=\"LAPEStE\" \/>\n\t<meta name=\"twitter:label2\" content=\"Dur\u00e9e de lecture estim\u00e9e\" \/>\n\t<meta name=\"twitter:data2\" content=\"4 minutes\" \/>\n<script type=\"application\/ld+json\" class=\"yoast-schema-graph\">{\"@context\":\"https:\/\/schema.org\",\"@graph\":[{\"@type\":\"WebPage\",\"@id\":\"https:\/\/lapeste.fr\/?p=204\",\"url\":\"https:\/\/lapeste.fr\/?p=204\",\"name\":\"Cr\u00e9er une association de parents d'\u00e9l\u00e8ves - LAPEStE\",\"isPartOf\":{\"@id\":\"https:\/\/lapeste.fr\/#website\"},\"primaryImageOfPage\":{\"@id\":\"https:\/\/lapeste.fr\/?p=204#primaryimage\"},\"image\":{\"@id\":\"https:\/\/lapeste.fr\/?p=204#primaryimage\"},\"thumbnailUrl\":\"https:\/\/lapeste.fr\/wp-content\/uploads\/2023\/04\/Creative.png\",\"datePublished\":\"2023-04-29T19:07:51+00:00\",\"dateModified\":\"2023-04-29T19:07:51+00:00\",\"author\":{\"@id\":\"https:\/\/lapeste.fr\/#\/schema\/person\/d502d13c5adc136f1f3ad7ed329c71b5\"},\"breadcrumb\":{\"@id\":\"https:\/\/lapeste.fr\/?p=204#breadcrumb\"},\"inLanguage\":\"fr-FR\",\"potentialAction\":[{\"@type\":\"ReadAction\",\"target\":[\"https:\/\/lapeste.fr\/?p=204\"]}]},{\"@type\":\"ImageObject\",\"inLanguage\":\"fr-FR\",\"@id\":\"https:\/\/lapeste.fr\/?p=204#primaryimage\",\"url\":\"https:\/\/lapeste.fr\/wp-content\/uploads\/2023\/04\/Creative.png\",\"contentUrl\":\"https:\/\/lapeste.fr\/wp-content\/uploads\/2023\/04\/Creative.png\",\"width\":705,\"height\":591},{\"@type\":\"BreadcrumbList\",\"@id\":\"https:\/\/lapeste.fr\/?p=204#breadcrumb\",\"itemListElement\":[{\"@type\":\"ListItem\",\"position\":1,\"name\":\"Home\",\"item\":\"https:\/\/lapeste.fr\/\"},{\"@type\":\"ListItem\",\"position\":2,\"name\":\"Cr\u00e9er une association de parents d&rsquo;\u00e9l\u00e8ves\"}]},{\"@type\":\"WebSite\",\"@id\":\"https:\/\/lapeste.fr\/#website\",\"url\":\"https:\/\/lapeste.fr\/\",\"name\":\"LAPEStE\",\"description\":\"Le site de l&#039;assocition des parents et des enfants de Strasbourg et de l&#039;Eurom\u00e9tropole\",\"potentialAction\":[{\"@type\":\"SearchAction\",\"target\":{\"@type\":\"EntryPoint\",\"urlTemplate\":\"https:\/\/lapeste.fr\/?s={search_term_string}\"},\"query-input\":\"required name=search_term_string\"}],\"inLanguage\":\"fr-FR\"},{\"@type\":\"Person\",\"@id\":\"https:\/\/lapeste.fr\/#\/schema\/person\/d502d13c5adc136f1f3ad7ed329c71b5\",\"name\":\"LAPEStE\",\"image\":{\"@type\":\"ImageObject\",\"inLanguage\":\"fr-FR\",\"@id\":\"https:\/\/lapeste.fr\/#\/schema\/person\/image\/\",\"url\":\"https:\/\/secure.gravatar.com\/avatar\/33fba04625af83335536dace9e97bde8?s=96&d=mm&r=g\",\"contentUrl\":\"https:\/\/secure.gravatar.com\/avatar\/33fba04625af83335536dace9e97bde8?s=96&d=mm&r=g\",\"caption\":\"LAPEStE\"},\"sameAs\":[\"http:\/\/lapeste.fr\"],\"url\":\"https:\/\/lapeste.fr\/?author=1\"}]}<\/script>\n<!-- \/ Yoast SEO plugin. -->","yoast_head_json":{"title":"Cr\u00e9er une association de parents d'\u00e9l\u00e8ves - LAPEStE","robots":{"index":"index","follow":"follow","max-snippet":"max-snippet:-1","max-image-preview":"max-image-preview:large","max-video-preview":"max-video-preview:-1"},"canonical":"https:\/\/lapeste.fr\/?p=204","og_locale":"fr_FR","og_type":"article","og_title":"Cr\u00e9er une association de parents d'\u00e9l\u00e8ves - LAPEStE","og_description":"Pourquoi cr\u00e9er une association de parents \u00e0 l'\u00e9cole? Attention, une association de parents d'\u00e9l\u00e8ves demande un peu de temps et de travail administratif, si vous \u00eates moins de 7 personnes bien investies dans l'\u00e9coleil vaut mieux commencer par former un petit groupe de parents actifs et actives... En attendant vous pouvez demander le support de [&hellip;]","og_url":"https:\/\/lapeste.fr\/?p=204","og_site_name":"LAPEStE","article_published_time":"2023-04-29T19:07:51+00:00","og_image":[{"width":705,"height":591,"url":"http:\/\/lapeste.fr\/wp-content\/uploads\/2023\/04\/Creative.png","type":"image\/png"}],"author":"LAPEStE","twitter_card":"summary_large_image","twitter_misc":{"\u00c9crit par":"LAPEStE","Dur\u00e9e de lecture estim\u00e9e":"4 minutes"},"schema":{"@context":"https:\/\/schema.org","@graph":[{"@type":"WebPage","@id":"https:\/\/lapeste.fr\/?p=204","url":"https:\/\/lapeste.fr\/?p=204","name":"Cr\u00e9er une association de parents d'\u00e9l\u00e8ves - LAPEStE","isPartOf":{"@id":"https:\/\/lapeste.fr\/#website"},"primaryImageOfPage":{"@id":"https:\/\/lapeste.fr\/?p=204#primaryimage"},"image":{"@id":"https:\/\/lapeste.fr\/?p=204#primaryimage"},"thumbnailUrl":"https:\/\/lapeste.fr\/wp-content\/uploads\/2023\/04\/Creative.png","datePublished":"2023-04-29T19:07:51+00:00","dateModified":"2023-04-29T19:07:51+00:00","author":{"@id":"https:\/\/lapeste.fr\/#\/schema\/person\/d502d13c5adc136f1f3ad7ed329c71b5"},"breadcrumb":{"@id":"https:\/\/lapeste.fr\/?p=204#breadcrumb"},"inLanguage":"fr-FR","potentialAction":[{"@type":"ReadAction","target":["https:\/\/lapeste.fr\/?p=204"]}]},{"@type":"ImageObject","inLanguage":"fr-FR","@id":"https:\/\/lapeste.fr\/?p=204#primaryimage","url":"https:\/\/lapeste.fr\/wp-content\/uploads\/2023\/04\/Creative.png","contentUrl":"https:\/\/lapeste.fr\/wp-content\/uploads\/2023\/04\/Creative.png","width":705,"height":591},{"@type":"BreadcrumbList","@id":"https:\/\/lapeste.fr\/?p=204#breadcrumb","itemListElement":[{"@type":"ListItem","position":1,"name":"Home","item":"https:\/\/lapeste.fr\/"},{"@type":"ListItem","position":2,"name":"Cr\u00e9er une association de parents d&rsquo;\u00e9l\u00e8ves"}]},{"@type":"WebSite","@id":"https:\/\/lapeste.fr\/#website","url":"https:\/\/lapeste.fr\/","name":"LAPEStE","description":"Le site de l&#039;assocition des parents et des enfants de Strasbourg et de l&#039;Eurom\u00e9tropole","potentialAction":[{"@type":"SearchAction","target":{"@type":"EntryPoint","urlTemplate":"https:\/\/lapeste.fr\/?s={search_term_string}"},"query-input":"required name=search_term_string"}],"inLanguage":"fr-FR"},{"@type":"Person","@id":"https:\/\/lapeste.fr\/#\/schema\/person\/d502d13c5adc136f1f3ad7ed329c71b5","name":"LAPEStE","image":{"@type":"ImageObject","inLanguage":"fr-FR","@id":"https:\/\/lapeste.fr\/#\/schema\/person\/image\/","url":"https:\/\/secure.gravatar.com\/avatar\/33fba04625af83335536dace9e97bde8?s=96&d=mm&r=g","contentUrl":"https:\/\/secure.gravatar.com\/avatar\/33fba04625af83335536dace9e97bde8?s=96&d=mm&r=g","caption":"LAPEStE"},"sameAs":["http:\/\/lapeste.fr"],"url":"https:\/\/lapeste.fr\/?author=1"}]}},"_links":{"self":[{"href":"https:\/\/lapeste.fr\/index.php?rest_route=\/wp\/v2\/posts\/204"}],"collection":[{"href":"https:\/\/lapeste.fr\/index.php?rest_route=\/wp\/v2\/posts"}],"about":[{"href":"https:\/\/lapeste.fr\/index.php?rest_route=\/wp\/v2\/types\/post"}],"author":[{"embeddable":true,"href":"https:\/\/lapeste.fr\/index.php?rest_route=\/wp\/v2\/users\/1"}],"replies":[{"embeddable":true,"href":"https:\/\/lapeste.fr\/index.php?rest_route=%2Fwp%2Fv2%2Fcomments&post=204"}],"version-history":[{"count":2,"href":"https:\/\/lapeste.fr\/index.php?rest_route=\/wp\/v2\/posts\/204\/revisions"}],"predecessor-version":[{"id":211,"href":"https:\/\/lapeste.fr\/index.php?rest_route=\/wp\/v2\/posts\/204\/revisions\/211"}],"wp:featuredmedia":[{"embeddable":true,"href":"https:\/\/lapeste.fr\/index.php?rest_route=\/wp\/v2\/media\/205"}],"wp:attachment":[{"href":"https:\/\/lapeste.fr\/index.php?rest_route=%2Fwp%2Fv2%2Fmedia&parent=204"}],"wp:term":[{"taxonomy":"category","embeddable":true,"href":"https:\/\/lapeste.fr\/index.php?rest_route=%2Fwp%2Fv2%2Fcategories&post=204"},{"taxonomy":"post_tag","embeddable":true,"href":"https:\/\/lapeste.fr\/index.php?rest_route=%2Fwp%2Fv2%2Ftags&post=204"}],"curies":[{"name":"wp","href":"https:\/\/api.w.org\/{rel}","templated":true}]}}